{"id":1040,"date":"2008-11-04T00:00:00","date_gmt":"2008-11-04T00:00:00","guid":{"rendered":"https:\/\/ifdbellavista-crr.infd.edu.ar\/sitio\/curso-de-capacitacion-nuevo-recurso-tecnologico-el-blog-pedagogico\/"},"modified":"2008-11-04T00:00:00","modified_gmt":"2008-11-04T00:00:00","slug":"curso-de-capacitacion-nuevo-recurso-tecnologico-el-blog-pedagogico","status":"publish","type":"post","link":"https:\/\/ifdbellavista-crr.infd.edu.ar\/sitio\/curso-de-capacitacion-nuevo-recurso-tecnologico-el-blog-pedagogico\/","title":{"rendered":"Curso de Capacitaci\u00f3n: Nuevo recurso tecnol\u00f3gico. El blog pedag\u00f3gico"},"content":{"rendered":"<p class=\"sitio_noticia_volanta\" >\n<h3>Curso de Capacitaci\u00f3n: Nuevo recurso tecnol\u00f3gico. El blog pedag\u00f3gico<\/h3>\n<p class=\"sitio_noticia_copete\" >\n<hr class=\"sitio_noticia_contenido\" \/>\n<p >\n<p>A partir del Lunes 3 al Viernes 14 de noviembre se dictar&aacute; el curso a cargo de las profesoras: Elsa Serial, Stella Torres y Laura Regnet, el que est&aacute; destinado a alumnos de las carreras docentes, en los Gabinetes de Inform&aacute;tica.<\/p><\/p>\n","protected":false},"excerpt":{"rendered":"<p>Curso de Capacitaci\u00f3n: Nuevo recurso tecnol\u00f3gico. El blog pedag\u00f3gico A partir del Lunes 3 al Viernes 14 de noviembre se dictar&aacute; el curso a cargo de las profesoras: Elsa Serial, Stella Torres y Laura Regnet, el que est&aacute; destinado a alumnos de las carreras docentes, en los Gabinetes de Inform&aacute;tica.<\/p>\n","protected":false},"author":854,"featured_media":0,"comment_status":"open","ping_status":"open","sticky":false,"template":"","format":"standard","meta":[],"categories":[26,24],"tags":[],"acf":[],"_links":{"self":[{"href":"https:\/\/ifdbellavista-crr.infd.edu.ar\/sitio\/wp-json\/wp\/v2\/posts\/1040"}],"collection":[{"href":"https:\/\/ifdbellavista-crr.infd.edu.ar\/sitio\/wp-json\/wp\/v2\/posts"}],"about":[{"href":"https:\/\/ifdbellavista-crr.infd.edu.ar\/sitio\/wp-json\/wp\/v2\/types\/post"}],"author":[{"embeddable":true,"href":"https:\/\/ifdbellavista-crr.infd.edu.ar\/sitio\/wp-json\/wp\/v2\/users\/854"}],"replies":[{"embeddable":true,"href":"https:\/\/ifdbellavista-crr.infd.edu.ar\/sitio\/wp-json\/wp\/v2\/comments?post=1040"}],"version-history":[{"count":0,"href":"https:\/\/ifdbellavista-crr.infd.edu.ar\/sitio\/wp-json\/wp\/v2\/posts\/1040\/revisions"}],"wp:attachment":[{"href":"https:\/\/ifdbellavista-crr.infd.edu.ar\/sitio\/wp-json\/wp\/v2\/media?parent=1040"}],"wp:term":[{"taxonomy":"category","embeddable":true,"href":"https:\/\/ifdbellavista-crr.infd.edu.ar\/sitio\/wp-json\/wp\/v2\/categories?post=1040"},{"taxonomy":"post_tag","embeddable":true,"href":"https:\/\/ifdbellavista-crr.infd.edu.ar\/sitio\/wp-json\/wp\/v2\/tags?post=1040"}],"curies":[{"name":"wp","href":"https:\/\/api.w.org\/{rel}","templated":true}]}}