{"id":1090,"date":"2014-10-30T00:00:00","date_gmt":"2014-10-30T00:00:00","guid":{"rendered":"https:\/\/ifdbellavista-crr.infd.edu.ar\/sitio\/iv-encuentro-regional-de-institutos-de-educacion-fisica\/"},"modified":"2014-10-30T00:00:00","modified_gmt":"2014-10-30T00:00:00","slug":"iv-encuentro-regional-de-institutos-de-educacion-fisica","status":"publish","type":"post","link":"https:\/\/ifdbellavista-crr.infd.edu.ar\/sitio\/iv-encuentro-regional-de-institutos-de-educacion-fisica\/","title":{"rendered":"IV Encuentro Regional de Institutos de Educaci\u00f3n F\u00edsica"},"content":{"rendered":"<p class=\"sitio_noticia_volanta\" >\n<h3>IV Encuentro Regional de Institutos de Educaci\u00f3n F\u00edsica<\/h3>\n<p class=\"sitio_noticia_copete\" >Participaci\u00f3n de profesores y alumnos del IFD <\/p>\n<hr class=\"sitio_noticia_contenido\" \/>\n<p >\n<p style=\"text-align: justify;\"><span style=\"font-size: 12pt;\" data-mce-mark=\"1\">La actividad, organizada por el Ministerio de Desarrollo Social y la Red Nacional de Actividad F&iacute;sica y Desarrollo Humano, tuvo lugar el 23 y 24 de octubre en la ciudad de Goya, provincia de Corrientes.<\/span><\/p>\n<p style=\"text-align: justify;\"><span style=\"font-size: 12pt;\" data-mce-mark=\"1\">Profesores y alumnos del Profesorado de Educaci&oacute;n F&iacute;sica se hicieron presentes para participar del evento.<\/span><\/p>\n<p style=\"text-align: justify;\"><span style=\"font-size: 12pt;\" data-mce-mark=\"1\"><span style=\"font-size: 12pt;\" data-mce-mark=\"1\">Esta iniciativa ser&aacute; articulada con el gobierno de la provincia de Corrientes, la municipalidad de Goya y el Instituto Superior del Profesorado &ldquo;General Jos&eacute; de San Mart&iacute;n&rdquo;. Se implement&oacute; en coordinaci&oacute;n con los Institutos Superiores de Formaci&oacute;n Docente de la regi&oacute;n.<\/span><\/span><\/p>\n<p style=\"text-align: justify;\"><span style=\"font-size: 12pt;\" data-mce-mark=\"1\"><span style=\"font-size: 12pt;\" data-mce-mark=\"1\"><img decoding=\"async\" loading=\"lazy\" title=\"\" src=\"https:\/\/ifdbellavista-crr.infd.edu.ar\/sitio\/wp-content\/uploads\/2018\/08\/enc-EF.jpg\" border=\"0\" alt=\"\" width=\"555\" height=\"370\"><\/span><\/span><\/p>\n<p style=\"text-align: justify;\"><img decoding=\"async\" loading=\"lazy\" title=\"\" src=\"https:\/\/ifdbellavista-crr.infd.edu.ar\/sitio\/wp-content\/uploads\/2018\/08\/enc-EF3.jpg\" border=\"0\" alt=\"\" width=\"562\" height=\"422\"><\/p>\n<p style=\"text-align: justify;\"><span style=\"font-size: 12pt;\"><span style=\"font-size: 12pt;\"><img decoding=\"async\" loading=\"lazy\" title=\"\" src=\"https:\/\/ifdbellavista-crr.infd.edu.ar\/sitio\/wp-content\/uploads\/2018\/08\/enc-EF2.jpg\" border=\"0\" alt=\"\" width=\"555\" height=\"416\"><\/span><\/span><\/p>\n<p style=\"text-align: justify;\"><img decoding=\"async\" loading=\"lazy\" title=\"\" src=\"https:\/\/ifdbellavista-crr.infd.edu.ar\/sitio\/wp-content\/uploads\/2018\/08\/enc-EF1.jpg\" border=\"0\" alt=\"\" width=\"557\" height=\"371\"><\/p><\/p>\n","protected":false},"excerpt":{"rendered":"<p>IV Encuentro Regional de Institutos de Educaci\u00f3n F\u00edsica Participaci\u00f3n de profesores y alumnos del IFD La actividad, organizada por el Ministerio de Desarrollo Social y la Red Nacional de Actividad F&iacute;sica y Desarrollo Humano, tuvo lugar el 23 y 24 de octubre en la ciudad de Goya, provincia de Corrientes. Profesores y alumnos del Profesorado &#8230; <a title=\"IV Encuentro Regional de Institutos de Educaci\u00f3n F\u00edsica\" class=\"read-more\" href=\"https:\/\/ifdbellavista-crr.infd.edu.ar\/sitio\/iv-encuentro-regional-de-institutos-de-educacion-fisica\/\" aria-label=\"More on IV Encuentro Regional de Institutos de Educaci\u00f3n F\u00edsica\">[+]<\/a><\/p>\n","protected":false},"author":854,"featured_media":0,"comment_status":"open","ping_status":"open","sticky":false,"template":"","format":"standard","meta":[],"categories":[25,24],"tags":[],"acf":[],"_links":{"self":[{"href":"https:\/\/ifdbellavista-crr.infd.edu.ar\/sitio\/wp-json\/wp\/v2\/posts\/1090"}],"collection":[{"href":"https:\/\/ifdbellavista-crr.infd.edu.ar\/sitio\/wp-json\/wp\/v2\/posts"}],"about":[{"href":"https:\/\/ifdbellavista-crr.infd.edu.ar\/sitio\/wp-json\/wp\/v2\/types\/post"}],"author":[{"embeddable":true,"href":"https:\/\/ifdbellavista-crr.infd.edu.ar\/sitio\/wp-json\/wp\/v2\/users\/854"}],"replies":[{"embeddable":true,"href":"https:\/\/ifdbellavista-crr.infd.edu.ar\/sitio\/wp-json\/wp\/v2\/comments?post=1090"}],"version-history":[{"count":0,"href":"https:\/\/ifdbellavista-crr.infd.edu.ar\/sitio\/wp-json\/wp\/v2\/posts\/1090\/revisions"}],"wp:attachment":[{"href":"https:\/\/ifdbellavista-crr.infd.edu.ar\/sitio\/wp-json\/wp\/v2\/media?parent=1090"}],"wp:term":[{"taxonomy":"category","embeddable":true,"href":"https:\/\/ifdbellavista-crr.infd.edu.ar\/sitio\/wp-json\/wp\/v2\/categories?post=1090"},{"taxonomy":"post_tag","embeddable":true,"href":"https:\/\/ifdbellavista-crr.infd.edu.ar\/sitio\/wp-json\/wp\/v2\/tags?post=1090"}],"curies":[{"name":"wp","href":"https:\/\/api.w.org\/{rel}","templated":true}]}}