{"id":1100,"date":"2014-12-23T00:00:00","date_gmt":"2014-12-23T00:00:00","guid":{"rendered":"https:\/\/ifdbellavista-crr.infd.edu.ar\/sitio\/concurso-de-relatos-ministerio-de-cultura-presidencia-de-la-nacion\/"},"modified":"2014-12-23T00:00:00","modified_gmt":"2014-12-23T00:00:00","slug":"concurso-de-relatos-ministerio-de-cultura-presidencia-de-la-nacion","status":"publish","type":"post","link":"https:\/\/ifdbellavista-crr.infd.edu.ar\/sitio\/concurso-de-relatos-ministerio-de-cultura-presidencia-de-la-nacion\/","title":{"rendered":"Concurso de relatos Ministerio de Cultura Presidencia de la Naci\u00f3n"},"content":{"rendered":"<p class=\"sitio_noticia_volanta\" >\n<h3>Concurso de relatos Ministerio de Cultura Presidencia de la Naci\u00f3n<\/h3>\n<p class=\"sitio_noticia_copete\" >Hay tiempo hasta el 13 de febrero de 2015 para enviar cuentos, microrrelatos o cr\u00f3nicas que hagan eje en los h\u00e9roes.<\/p>\n<hr class=\"sitio_noticia_contenido\" \/>\n<p >\n<h5 style=\"text-align: justify;\"><span style=\"font-family: arial, helvetica, sans-serif; font-size: 10pt;\">El Ministerio de Cultura de la Naci&oacute;n invita a participar de la edici&oacute;n 2015 del concurso federal de relatos \u00abLa Historia la ganan los que escriben\u00bb, que en esta ocasi&oacute;n gira en torno a la tem&aacute;tica del h&eacute;roe entendido en sentido amplio: tanto el h&eacute;roe individual como tambi&eacute;n el h&eacute;roe colectivo; el pr&oacute;cer hist&oacute;rico como el h&eacute;roe cotidiano.<\/span><\/p>\n<p>&nbsp;<img decoding=\"async\" loading=\"lazy\" title=\"\" src=\"https:\/\/ifdbellavista-crr.infd.edu.ar\/sitio\/wp-content\/uploads\/2018\/08\/concurso_federal_3x2-650x0.jpg\" border=\"0\" alt=\"\" width=\"483\" height=\"322\"><\/p>\n<ul>\n<li><span style=\"font-size: 10pt;\"><a href=\"http:\/\/www.cultura.gob.ar\/becas\/concurso-federal-de-relatos\/descargar\/178\" target=\"_blank\">Descargar bases y condiciones<\/a><\/span><\/li>\n<\/ul>\n<\/h5>\n","protected":false},"excerpt":{"rendered":"<p>Concurso de relatos Ministerio de Cultura Presidencia de la Naci\u00f3n Hay tiempo hasta el 13 de febrero de 2015 para enviar cuentos, microrrelatos o cr\u00f3nicas que hagan eje en los h\u00e9roes. El Ministerio de Cultura de la Naci&oacute;n invita a participar de la edici&oacute;n 2015 del concurso federal de relatos \u00abLa Historia la ganan los &#8230; <a title=\"Concurso de relatos Ministerio de Cultura Presidencia de la Naci\u00f3n\" class=\"read-more\" href=\"https:\/\/ifdbellavista-crr.infd.edu.ar\/sitio\/concurso-de-relatos-ministerio-de-cultura-presidencia-de-la-nacion\/\" aria-label=\"More on Concurso de relatos Ministerio de Cultura Presidencia de la Naci\u00f3n\">[+]<\/a><\/p>\n","protected":false},"author":854,"featured_media":0,"comment_status":"open","ping_status":"open","sticky":false,"template":"","format":"standard","meta":[],"categories":[25,24],"tags":[],"acf":[],"_links":{"self":[{"href":"https:\/\/ifdbellavista-crr.infd.edu.ar\/sitio\/wp-json\/wp\/v2\/posts\/1100"}],"collection":[{"href":"https:\/\/ifdbellavista-crr.infd.edu.ar\/sitio\/wp-json\/wp\/v2\/posts"}],"about":[{"href":"https:\/\/ifdbellavista-crr.infd.edu.ar\/sitio\/wp-json\/wp\/v2\/types\/post"}],"author":[{"embeddable":true,"href":"https:\/\/ifdbellavista-crr.infd.edu.ar\/sitio\/wp-json\/wp\/v2\/users\/854"}],"replies":[{"embeddable":true,"href":"https:\/\/ifdbellavista-crr.infd.edu.ar\/sitio\/wp-json\/wp\/v2\/comments?post=1100"}],"version-history":[{"count":0,"href":"https:\/\/ifdbellavista-crr.infd.edu.ar\/sitio\/wp-json\/wp\/v2\/posts\/1100\/revisions"}],"wp:attachment":[{"href":"https:\/\/ifdbellavista-crr.infd.edu.ar\/sitio\/wp-json\/wp\/v2\/media?parent=1100"}],"wp:term":[{"taxonomy":"category","embeddable":true,"href":"https:\/\/ifdbellavista-crr.infd.edu.ar\/sitio\/wp-json\/wp\/v2\/categories?post=1100"},{"taxonomy":"post_tag","embeddable":true,"href":"https:\/\/ifdbellavista-crr.infd.edu.ar\/sitio\/wp-json\/wp\/v2\/tags?post=1100"}],"curies":[{"name":"wp","href":"https:\/\/api.w.org\/{rel}","templated":true}]}}