{"id":1105,"date":"2016-08-12T00:00:00","date_gmt":"2016-08-12T00:00:00","guid":{"rendered":"https:\/\/ifdbellavista-crr.infd.edu.ar\/sitio\/jornada-educativa-en-conmemoracion-al-dia-de-la-educacion-agropecuaria\/"},"modified":"2016-08-12T00:00:00","modified_gmt":"2016-08-12T00:00:00","slug":"jornada-educativa-en-conmemoracion-al-dia-de-la-educacion-agropecuaria","status":"publish","type":"post","link":"https:\/\/ifdbellavista-crr.infd.edu.ar\/sitio\/jornada-educativa-en-conmemoracion-al-dia-de-la-educacion-agropecuaria\/","title":{"rendered":"Jornada Educativa en Conmemoraci\u00f3n al D\u00eda de la Educaci\u00f3n Agropecuaria"},"content":{"rendered":"<p class=\"sitio_noticia_volanta\" >\n<h3>Jornada Educativa en Conmemoraci\u00f3n al D\u00eda de la Educaci\u00f3n Agropecuaria<\/h3>\n<p class=\"sitio_noticia_copete\" >\n<hr class=\"sitio_noticia_contenido\" \/>\n<p >\n<p style=\"text-align: justify;\"><span style=\"font-size: 12pt;\">Finalizo con &eacute;xito la Jornada Educativa en Conmemoraci&oacute;n al D&iacute;a de la Educaci&oacute;n Agropecuaria, realizada el viernes 12 de agosto de 2016 en el Sal&oacute;n de la Cultura de la Ciudad de Bella Vista. En dicha jornada los alumnos y profesores de la carrera Tecnicatura Superior en Gesti&oacute;n de la Producci&oacute;n Agropecuaria que se dicta en el IFD de Bella Vista, junto a t&eacute;cnicos del INTA Bella Vista, disertaron sobre diversos temas de inter&eacute;s, entre las que se destacan:&nbsp;<\/span><\/p>\n<ul>\n<li><span style=\"font-size: 12pt;\">&ldquo;Mosca Negra&rdquo;, una plaga emergente en citrus presente en nuestra regi&oacute;n. Ing. Alcides Aguirre<\/span><\/li>\n<li><span style=\"font-size: 12pt; text-align: justify;\">&ldquo;Detecci&oacute;n y Manejo de HLB&rdquo;, enfermedad cuarentenaria en citrus. Lic. Alberto Gochez<\/span><\/li>\n<\/ul>\n<p style=\"text-align: justify;\"><span style=\"font-size: 12pt;\">Los alumnos de primer a&ntilde;o, Laura Curti, Mirta Escobar y Jonathan Gonzalez realizaron una presentaci&oacute;n acerca de Estructura Agraria de la Regi&oacute;n NEA, donde explicaron el desarrollo regional desde la d&eacute;cada pasada al presente.<\/span><\/p>\n<p style=\"text-align: justify;\"><span style=\"font-size: 12pt;\">La Alumna de segundo a&ntilde;o, Evelyn Barbona mostro sus Experiencias de Practicas Profesionalizantes II, desarrolladas en el seno de la carrera<\/span><\/p>\n<p style=\"text-align: justify;\"><span style=\"font-size: 12pt;\">Y las alumnas de tercer a&ntilde;o, Gimena Gomez y Maria B. Ramirez hablaron sobre Monitoreo de Plagas y Enfermedades, actividad realizada durante el cursado de Practica Profesionalizante III.<\/span><\/p>\n<p style=\"text-align: justify;\"><span style=\"font-size: 12pt;\">La jornada se realiz&oacute; en dos turnos, por la ma&ntilde;ana (9:00 a 12:00 hs) y por la tarde (14:00 a 17:00), y estuvo dirigida a alumnos del &uacute;ltimo a&ntilde;o de las escuelas de la ciudad, con la participaci&oacute;n de diversas instituciones.<\/span><\/p>\n<p><img decoding=\"async\" loading=\"lazy\" style=\"display: block; margin-left: auto; margin-right: auto;\" title=\"\" src=\"https:\/\/ifdbellavista-crr.infd.edu.ar\/sitio\/wp-content\/uploads\/2018\/08\/mosca1.jpg\" border=\"0\" alt=\"\" width=\"819\" height=\"461\"><\/p>\n<p><img decoding=\"async\" loading=\"lazy\" style=\"display: block; margin-left: auto; margin-right: auto;\" title=\"\" src=\"https:\/\/ifdbellavista-crr.infd.edu.ar\/sitio\/wp-content\/uploads\/2018\/08\/mosca2.jpg\" border=\"0\" alt=\"\" width=\"818\" height=\"461\"><\/p>\n<p><img decoding=\"async\" loading=\"lazy\" style=\"display: block; margin-left: auto; margin-right: auto;\" title=\"\" src=\"https:\/\/ifdbellavista-crr.infd.edu.ar\/sitio\/wp-content\/uploads\/2018\/08\/mosca3.jpg\" border=\"0\" alt=\"\" width=\"815\" height=\"459\"><\/p><\/p>\n","protected":false},"excerpt":{"rendered":"<p>Jornada Educativa en Conmemoraci\u00f3n al D\u00eda de la Educaci\u00f3n Agropecuaria Finalizo con &eacute;xito la Jornada Educativa en Conmemoraci&oacute;n al D&iacute;a de la Educaci&oacute;n Agropecuaria, realizada el viernes 12 de agosto de 2016 en el Sal&oacute;n de la Cultura de la Ciudad de Bella Vista. En dicha jornada los alumnos y profesores de la carrera Tecnicatura &#8230; <a title=\"Jornada Educativa en Conmemoraci\u00f3n al D\u00eda de la Educaci\u00f3n Agropecuaria\" class=\"read-more\" href=\"https:\/\/ifdbellavista-crr.infd.edu.ar\/sitio\/jornada-educativa-en-conmemoracion-al-dia-de-la-educacion-agropecuaria\/\" aria-label=\"More on Jornada Educativa en Conmemoraci\u00f3n al D\u00eda de la Educaci\u00f3n Agropecuaria\">[+]<\/a><\/p>\n","protected":false},"author":854,"featured_media":0,"comment_status":"open","ping_status":"open","sticky":false,"template":"","format":"standard","meta":[],"categories":[25,24],"tags":[],"acf":[],"_links":{"self":[{"href":"https:\/\/ifdbellavista-crr.infd.edu.ar\/sitio\/wp-json\/wp\/v2\/posts\/1105"}],"collection":[{"href":"https:\/\/ifdbellavista-crr.infd.edu.ar\/sitio\/wp-json\/wp\/v2\/posts"}],"about":[{"href":"https:\/\/ifdbellavista-crr.infd.edu.ar\/sitio\/wp-json\/wp\/v2\/types\/post"}],"author":[{"embeddable":true,"href":"https:\/\/ifdbellavista-crr.infd.edu.ar\/sitio\/wp-json\/wp\/v2\/users\/854"}],"replies":[{"embeddable":true,"href":"https:\/\/ifdbellavista-crr.infd.edu.ar\/sitio\/wp-json\/wp\/v2\/comments?post=1105"}],"version-history":[{"count":0,"href":"https:\/\/ifdbellavista-crr.infd.edu.ar\/sitio\/wp-json\/wp\/v2\/posts\/1105\/revisions"}],"wp:attachment":[{"href":"https:\/\/ifdbellavista-crr.infd.edu.ar\/sitio\/wp-json\/wp\/v2\/media?parent=1105"}],"wp:term":[{"taxonomy":"category","embeddable":true,"href":"https:\/\/ifdbellavista-crr.infd.edu.ar\/sitio\/wp-json\/wp\/v2\/categories?post=1105"},{"taxonomy":"post_tag","embeddable":true,"href":"https:\/\/ifdbellavista-crr.infd.edu.ar\/sitio\/wp-json\/wp\/v2\/tags?post=1105"}],"curies":[{"name":"wp","href":"https:\/\/api.w.org\/{rel}","templated":true}]}}